{"id":1217,"date":"2020-03-15T21:03:29","date_gmt":"2020-03-15T21:03:29","guid":{"rendered":"https:\/\/as-nartnik.si\/?p=1217"},"modified":"2020-03-15T21:05:04","modified_gmt":"2020-03-15T21:05:04","slug":"pri-bmw-ju-bo-racionalizacija-odnesla-polovico-klasicnih-motorjev","status":"publish","type":"post","link":"https:\/\/as-nartnik.si\/?p=1217","title":{"rendered":"Pri BMW-ju bo racionalizacija odnesla polovico klasi\u010dnih motorjev"},"content":{"rendered":"<h3>BMW je objavil finan\u010dne rezultate za leto 2019\u00a0in predstavil na\u010drte za prihodnost. Podobno kot pri Mercedesu bodo tudi na Bavarskem var\u010devali.<\/h3>\n<p>Bavarci so za raziskave in razvoj elektri\u010dnih vozil lani namenili 12 odstotkov sredstev ve\u010d kot leto poprej, zato so skovali na\u010drt, s katerim \u017eelijo do konca leta 2022 privar\u010devati 12 milijard evrov.<\/p>\n<p>Napovedali so skraj\u0161anje \u010dasov za razvoj novih vozil ter opustitev polovice klasi\u010dnih pogonskih sklopov od leta 2021 naprej. Pri tem niso \u0161li v podrobnosti, a ka\u017ee, da se bodo v korist elektrifikaciji odpovedali motorjem na notranje zgorevanje, glavnino ukrepov pa bodo za\u010deli udejanjati po letu 2022.<\/p>\n<p>Kljub temu bodo uvajali nove modele, pri \u010demer bomo najverjetneje videli \u0161e kak\u0161nega novega kri\u017eanca. Potrdili so tudi na\u010drt, po katerem \u017eelijo do leta 2023 v ponudbi imeti 25 elektrificiranih modelov, od katerih bo polovica popolnoma elektri\u010dnih, kot so iX3 iNEXT in i4. Pri\u010dakujejo namre\u010d, da se bo povpra\u0161evanje po elektri\u010dnih avtomobilih prihodnje leto podvojilo in nato do leta 2025 raslo po 30 odstotkov na leto.<\/p>\n<p>\u010cisti dobi\u010dek skupine BMW je v letu 2019 v primerjavi z letom poprej padel za 28,9 odstotkov na pet milijard evrov. Kljub temu so pri Rolls-Roycu zahvaljujo\u010d velikemu povpra\u0161evanju po cullinanu zabele\u017eili najbolj\u0161o prodajo so zdaj. Nekoliko skromnej\u0161o rast prodaje so zabele\u017eili tudi pri BMW-ju ter BMW Motorradu, medtem ko se je prodaja znamke Mini zmanj\u0161ala za 4,6 odstotka.<\/p>\n<p>Vir:https:\/\/www.avto-fokus.si\/Novice\/BMW_Pri_BMW-ju_bo_racionalizacija_odnesla_polovico_klasicnih_motorjev\/<\/p>\n","protected":false},"excerpt":{"rendered":"<p>BMW je objavil finan\u010dne rezultate za leto 2019\u00a0in predstavil na\u010drte za prihodnost. Podobno kot pri Mercedesu bodo tudi na Bavarskem var\u010devali. Bavarci so za raziskave in razvoj elektri\u010dnih vozil lani namenili 12 odstotkov sredstev ve\u010d kot leto poprej, zato so skovali na\u010drt, s katerim \u017eelijo do konca leta 2022 privar\u010devati 12 milijard evrov. Napovedali so &hellip;<\/p>\n","protected":false},"author":2,"featured_media":1218,"comment_status":"open","ping_status":"open","sticky":false,"template":"","format":"standard","meta":{"_acf_changed":false,"footnotes":""},"categories":[70,1],"tags":[],"class_list":["post-1217","post","type-post","status-publish","format-standard","has-post-thumbnail","hentry","category-povzete-novice","category-uncategorized"],"acf":[],"_links":{"self":[{"href":"https:\/\/as-nartnik.si\/index.php?rest_route=\/wp\/v2\/posts\/1217","targetHints":{"allow":["GET"]}}],"collection":[{"href":"https:\/\/as-nartnik.si\/index.php?rest_route=\/wp\/v2\/posts"}],"about":[{"href":"https:\/\/as-nartnik.si\/index.php?rest_route=\/wp\/v2\/types\/post"}],"author":[{"embeddable":true,"href":"https:\/\/as-nartnik.si\/index.php?rest_route=\/wp\/v2\/users\/2"}],"replies":[{"embeddable":true,"href":"https:\/\/as-nartnik.si\/index.php?rest_route=%2Fwp%2Fv2%2Fcomments&post=1217"}],"version-history":[{"count":2,"href":"https:\/\/as-nartnik.si\/index.php?rest_route=\/wp\/v2\/posts\/1217\/revisions"}],"predecessor-version":[{"id":1220,"href":"https:\/\/as-nartnik.si\/index.php?rest_route=\/wp\/v2\/posts\/1217\/revisions\/1220"}],"wp:featuredmedia":[{"embeddable":true,"href":"https:\/\/as-nartnik.si\/index.php?rest_route=\/wp\/v2\/media\/1218"}],"wp:attachment":[{"href":"https:\/\/as-nartnik.si\/index.php?rest_route=%2Fwp%2Fv2%2Fmedia&parent=1217"}],"wp:term":[{"taxonomy":"category","embeddable":true,"href":"https:\/\/as-nartnik.si\/index.php?rest_route=%2Fwp%2Fv2%2Fcategories&post=1217"},{"taxonomy":"post_tag","embeddable":true,"href":"https:\/\/as-nartnik.si\/index.php?rest_route=%2Fwp%2Fv2%2Ftags&post=1217"}],"curies":[{"name":"wp","href":"https:\/\/api.w.org\/{rel}","templated":true}]}}