{"id":1221,"date":"2020-03-15T21:08:32","date_gmt":"2020-03-15T21:08:32","guid":{"rendered":"https:\/\/as-nartnik.si\/?p=1221"},"modified":"2020-03-15T21:08:32","modified_gmt":"2020-03-15T21:08:32","slug":"koronavirus-je-odnesel-tudi-newyorski-avtosalon-v-aprilu","status":"publish","type":"post","link":"https:\/\/as-nartnik.si\/?p=1221","title":{"rendered":"Koronavirus je odnesel tudi newyor\u0161ki avtosalon v aprilu"},"content":{"rendered":"<h4>Avtomobilski salon bi moral potekati med 10. in 19. aprilom, nov termin so potrdili za konec avgusta.<\/h4>\n<p>Avtomobilski salon v New Yorku je uradno prelo\u017een, kljub ve\u010dkratnim zagotovilom organizatorja, da bo dogodek potekal po na\u010drtih. Pojasnili so, da so zaradi aktualnih pomislekov\u00a0zaradi \u0161irjenja koronavirusa dogodek prestavili na konec avgusta. Novinarske konference so tako na\u010drtovane za 26. in 27. avgust, salon pa bo odprt med 28. avgustom in 6. septembrom.<\/p>\n<p>Zaradi nekajmese\u010dne zamude bodo verjetno nekateri avtomobilski proizvajalci premislili o udele\u017ebi, zato \u0161tevilni dvomijo, da bo leto\u0161nji avtomobilski salon tako pomemben in \u0161tevil\u010dno obiskan, kot je sicer. Audi, BMW in Mercedes-Benz so se \u017ee odlo\u010dili, da se newyor\u0161kega avtosalona ne udele\u017eijo, drugi bodo morda sledili digitalnim premieram, kot so to storili po odpovedi \u017eenevskega avtosalona.<\/p>\n<p>Predsednik newyor\u0161kega zdru\u017eenja\u00a0avtomobilskih trgovcev\u00a0Mark Schienberg je v izjavi dejal: &#8220;To smo storili, da pred koronavirusom za\u0161\u010ditimo obiskovalce, razstavljavce in vse ostale. Newyor\u0161ki avtomobilski salon je \u017ee 120 let zvezda dogodkov pri nas in \u010deprav odlo\u010ditev o prelo\u017eitvi ni bila enostavna, mora biti na\u0161a prioriteta skrb za zdravje in dobro po\u010dutje vseh vpletenih.&#8221; Mimogrede, nazadnje so ga prestavili zaradi druge svetovne vojne.<\/p>\n<p>Odlo\u010ditev o prelo\u017eitvi salona je sledila kmalu po tem, ko je guverner New Yorka Andrew Cuomo potrdil\u00a0dodatnih 31 oku\u017eb in odredil nekatere ukrepe za zajezitev \u0161irjenja virusa. Odpovedali so tudi avtomobilski salon v Pekingu, otvoritev katerega je bila na\u010drtovana za 21. april.<\/p>\n<p>Vir:https:\/\/www.avto-fokus.si\/Novice\/Koronavirus_je_odnesel_tudi_newyorski_avtosalon_v_aprilu\/<\/p>\n","protected":false},"excerpt":{"rendered":"<p>Avtomobilski salon bi moral potekati med 10. in 19. aprilom, nov termin so potrdili za konec avgusta. Avtomobilski salon v New Yorku je uradno prelo\u017een, kljub ve\u010dkratnim zagotovilom organizatorja, da bo dogodek potekal po na\u010drtih. Pojasnili so, da so zaradi aktualnih pomislekov\u00a0zaradi \u0161irjenja koronavirusa dogodek prestavili na konec avgusta. Novinarske konference so tako na\u010drtovane za &hellip;<\/p>\n","protected":false},"author":2,"featured_media":1222,"comment_status":"open","ping_status":"open","sticky":false,"template":"","format":"standard","meta":{"_acf_changed":false,"footnotes":""},"categories":[70],"tags":[],"class_list":["post-1221","post","type-post","status-publish","format-standard","has-post-thumbnail","hentry","category-povzete-novice"],"acf":[],"_links":{"self":[{"href":"https:\/\/as-nartnik.si\/index.php?rest_route=\/wp\/v2\/posts\/1221","targetHints":{"allow":["GET"]}}],"collection":[{"href":"https:\/\/as-nartnik.si\/index.php?rest_route=\/wp\/v2\/posts"}],"about":[{"href":"https:\/\/as-nartnik.si\/index.php?rest_route=\/wp\/v2\/types\/post"}],"author":[{"embeddable":true,"href":"https:\/\/as-nartnik.si\/index.php?rest_route=\/wp\/v2\/users\/2"}],"replies":[{"embeddable":true,"href":"https:\/\/as-nartnik.si\/index.php?rest_route=%2Fwp%2Fv2%2Fcomments&post=1221"}],"version-history":[{"count":1,"href":"https:\/\/as-nartnik.si\/index.php?rest_route=\/wp\/v2\/posts\/1221\/revisions"}],"predecessor-version":[{"id":1223,"href":"https:\/\/as-nartnik.si\/index.php?rest_route=\/wp\/v2\/posts\/1221\/revisions\/1223"}],"wp:featuredmedia":[{"embeddable":true,"href":"https:\/\/as-nartnik.si\/index.php?rest_route=\/wp\/v2\/media\/1222"}],"wp:attachment":[{"href":"https:\/\/as-nartnik.si\/index.php?rest_route=%2Fwp%2Fv2%2Fmedia&parent=1221"}],"wp:term":[{"taxonomy":"category","embeddable":true,"href":"https:\/\/as-nartnik.si\/index.php?rest_route=%2Fwp%2Fv2%2Fcategories&post=1221"},{"taxonomy":"post_tag","embeddable":true,"href":"https:\/\/as-nartnik.si\/index.php?rest_route=%2Fwp%2Fv2%2Ftags&post=1221"}],"curies":[{"name":"wp","href":"https:\/\/api.w.org\/{rel}","templated":true}]}}